{"id":11124,"date":"2023-12-06T15:28:40","date_gmt":"2023-12-06T14:28:40","guid":{"rendered":"https:\/\/biopmed.eu\/?p=11124"},"modified":"2026-04-28T09:49:42","modified_gmt":"2026-04-28T07:49:42","slug":"bioindustry-park-e-biopmed-alla-seconda-giornata-della-ricerca-in-sanita","status":"publish","type":"post","link":"https:\/\/biopmed.eu\/bioindustry-park-e-biopmed-alla-seconda-giornata-della-ricerca-in-sanita\/","title":{"rendered":"Bioindustry Park e bioPmed alla Seconda Giornata della Ricerca in Sanit\u00e0"},"content":{"rendered":"<p><b>Bioindustry Park<\/b> <b>Silvano Fumero<\/b><span style=\"font-weight: 400;\"> in qualit\u00e0 di ente gestore di <\/span><b>bioPmed, Polo di Innovazione delle Scienze della Vita<\/b><span style=\"font-weight: 400;\"> \u00e8 stato invitato a partecipare alla<\/span><b> Seconda Giornata della Ricerca in Sanit\u00e0,<\/b><span style=\"font-weight: 400;\"> organizzata dal Dipartimento attivit\u00e0 integrate ricerca e innovazione (Dairi) e che si \u00e8 svolta il 21 novembre 2023 presso il Salone di Rappresentanza dell\u2019Azienda Ospedaliera di Alessandria.\u00a0<\/span><\/p>\n<p><span style=\"font-weight: 400;\">Un appuntamento che ha riunito le Aziende Sanitarie piemontesi per la presentazione della prima rendicontazione scientifica della Regione Piemonte, con la <\/span><b>mappatura delle attivit\u00e0 di ricerca a livello regionale <\/b><span style=\"font-weight: 400;\">condotta presso le 18 Aziende Sanitarie Locali, Ospedaliere e Universitarie piemontesi<\/span><b>.<\/b><span style=\"font-weight: 400;\">\u00a0<\/span><\/p>\n<p><span style=\"font-weight: 400;\">La survey regionale si \u00e8 proposta di analizzare l\u2019organizzazione della ricerca e le performance a livello regionale (pubblicazioni, studi clinici, finanziamenti e collaborazioni), oltre a mappare le infrastrutture di ricerca e le attivit\u00e0 di formazione, quale fase propedeutica e imprescindibile per l\u2019avvio e le successive azioni di promozione della ricerca e dell\u2019innovazione. Con la consapevolezza che obiettivo della ricerca sanitaria non sia il progresso scientifico e tecnologico fine a s\u00e9 stesso ma il miglioramento dell\u2019assistenza, delle cure e dei servizi, con la finalit\u00e0 di incrementare significativamente la salute dei cittadini e pertanto le loro aspettative e qualit\u00e0 di vita.\u00a0 In tal senso le Regioni che investono attivamente nella ricerca e nell&#8217;innovazione tendono a beneficiare di miglioramenti nelle cure mediche, di una maggiore attrazione per talenti e investimenti e di una posizione di leadership nel panorama sanitario globale.\u00a0<\/span><\/p>\n<p><span style=\"font-weight: 400;\">In risposta all\u2019esigenza di creare rete e di rafforzare i percorsi condivisi sono state introdotte ai partecipanti<\/span> <span style=\"font-weight: 400;\">le attivit\u00e0 del <\/span><b>Bioindustry Park<\/b><span style=\"font-weight: 400;\"> e del <\/span><b>Polo di Innovazione delle Scienze della Vita BioPmed <\/b><span style=\"font-weight: 400;\">come esempio virtuoso e riferimento per la connessione tra pubblico e privato in ambito di ricerca e innovazione.<\/span><span style=\"font-weight: 400;\">\u00a0<\/span><\/p>\n<p><b>Per consultare la prima rendicontazione scientifica regionale:<\/b> <a href=\"https:\/\/www.ospedale.al.it\/sites\/default\/files\/media\/document\/2023-11\/Rendicontazione_DAIRI-R_def%20con%20copertina%20.pdf\"><span style=\"font-weight: 400;\">https:\/\/www.ospedale.al.it\/sites\/default\/files\/media\/document\/2023-11\/Rendicontazione_DAIRI-R_def%20con%20copertina%20.pdf<\/span><\/a><\/p>\n<p>&nbsp;<\/p>\n<p><b>Il DAIRI<\/b><span style=\"font-weight: 400;\">\u00a0<\/span><\/p>\n<p><span style=\"font-weight: 400;\">Il Dipartimento attivit\u00e0 integrate ricerca e innovazione (Dairi) tra Asl e Ospedale di Alessandria \u00e8 stato \u00e8 nel 2020 e individuato dalla Regione Piemonte come l\u2019infrastruttura di supporto regionale alla ricerca e ai processi clinico-organizzativi. Diretto da Antonio Maconi ha un ruolo centrale nel percorso di costruzione di un sistema di ricerca regionale finalizzato a promuovere la ricerca e l\u2019innovazione come elemento di eccellenza all\u2019interno del Sistema Sanitario Regionale.\u00a0<\/span><\/p>\n<p>&nbsp;<\/p>\n","protected":false},"excerpt":{"rendered":"<p>Bioindustry Park Silvano Fumero in qualit\u00e0 di ente gestore di bioPmed, Polo di Innovazione delle Scienze della Vita \u00e8 stato invitato a partecipare alla Seconda Giornata della Ricerca in Sanit\u00e0, &hellip; <a href=\"https:\/\/biopmed.eu\/bioindustry-park-e-biopmed-alla-seconda-giornata-della-ricerca-in-sanita\/\" class=\"more-link\">Continue reading <span class=\"screen-reader-text\">Bioindustry Park e bioPmed alla Seconda Giornata della Ricerca in Sanit\u00e0<\/span><\/a><\/p>\n","protected":false},"author":1,"featured_media":11125,"comment_status":"closed","ping_status":"open","sticky":false,"template":"","format":"standard","meta":{"content-type":"","cybocfi_hide_featured_image":"","footnotes":""},"categories":[60],"tags":[],"class_list":["post-11124","post","type-post","status-publish","format-standard","has-post-thumbnail","hentry","category-news"],"yoast_head":"<!-- This site is optimized with the Yoast SEO plugin v27.5 - https:\/\/yoast.com\/product\/yoast-seo-wordpress\/ -->\n<title>Bioindustry Park e bioPmed alla Seconda Giornata della Ricerca in Sanit\u00e0 - bioPmed<\/title>\n<meta name=\"robots\" content=\"index, follow, max-snippet:-1, max-image-preview:large, max-video-preview:-1\" \/>\n<link rel=\"canonical\" href=\"https:\/\/biopmed.eu\/bioindustry-park-e-biopmed-alla-seconda-giornata-della-ricerca-in-sanita\/\" \/>\n<meta property=\"og:locale\" content=\"en_US\" \/>\n<meta property=\"og:type\" content=\"article\" \/>\n<meta property=\"og:title\" content=\"Bioindustry Park e bioPmed alla Seconda Giornata della Ricerca in Sanit\u00e0 - bioPmed\" \/>\n<meta property=\"og:description\" content=\"Bioindustry Park Silvano Fumero in qualit\u00e0 di ente gestore di bioPmed, Polo di Innovazione delle Scienze della Vita \u00e8 stato invitato a partecipare alla Seconda Giornata della Ricerca in Sanit\u00e0, &hellip; Continue reading Bioindustry Park e bioPmed alla Seconda Giornata della Ricerca in Sanit\u00e0\" \/>\n<meta property=\"og:url\" content=\"https:\/\/biopmed.eu\/bioindustry-park-e-biopmed-alla-seconda-giornata-della-ricerca-in-sanita\/\" \/>\n<meta property=\"og:site_name\" content=\"bioPmed\" \/>\n<meta property=\"article:published_time\" content=\"2023-12-06T14:28:40+00:00\" \/>\n<meta property=\"article:modified_time\" content=\"2026-04-28T07:49:42+00:00\" \/>\n<meta property=\"og:image\" content=\"https:\/\/biopmed.eu\/wp-content\/uploads\/2023\/12\/Locandina_21NOVEMBRE_DEF.jpg\" \/>\n\t<meta property=\"og:image:width\" content=\"1224\" \/>\n\t<meta property=\"og:image:height\" content=\"708\" \/>\n\t<meta property=\"og:image:type\" content=\"image\/jpeg\" \/>\n<meta name=\"author\" content=\"bioPmed\" \/>\n<meta name=\"twitter:card\" content=\"summary_large_image\" \/>\n<meta name=\"twitter:label1\" content=\"Written by\" \/>\n\t<meta name=\"twitter:data1\" content=\"bioPmed\" \/>\n\t<meta name=\"twitter:label2\" content=\"Est. reading time\" \/>\n\t<meta name=\"twitter:data2\" content=\"2 minutes\" \/>\n<script type=\"application\/ld+json\" class=\"yoast-schema-graph\">{\"@context\":\"https:\\\/\\\/schema.org\",\"@graph\":[{\"@type\":\"Article\",\"@id\":\"https:\\\/\\\/biopmed.eu\\\/bioindustry-park-e-biopmed-alla-seconda-giornata-della-ricerca-in-sanita\\\/#article\",\"isPartOf\":{\"@id\":\"https:\\\/\\\/biopmed.eu\\\/bioindustry-park-e-biopmed-alla-seconda-giornata-della-ricerca-in-sanita\\\/\"},\"author\":{\"name\":\"bioPmed\",\"@id\":\"https:\\\/\\\/biopmed.eu\\\/en\\\/#\\\/schema\\\/person\\\/cbe3197b8d8d2ed4e8a1b798451eac88\"},\"headline\":\"Bioindustry Park e bioPmed alla Seconda Giornata della Ricerca in Sanit\u00e0\",\"datePublished\":\"2023-12-06T14:28:40+00:00\",\"dateModified\":\"2026-04-28T07:49:42+00:00\",\"mainEntityOfPage\":{\"@id\":\"https:\\\/\\\/biopmed.eu\\\/bioindustry-park-e-biopmed-alla-seconda-giornata-della-ricerca-in-sanita\\\/\"},\"wordCount\":393,\"image\":{\"@id\":\"https:\\\/\\\/biopmed.eu\\\/bioindustry-park-e-biopmed-alla-seconda-giornata-della-ricerca-in-sanita\\\/#primaryimage\"},\"thumbnailUrl\":\"https:\\\/\\\/biopmed.eu\\\/wp-content\\\/uploads\\\/2023\\\/12\\\/Locandina_21NOVEMBRE_DEF.jpg\",\"articleSection\":[\"News\"],\"inLanguage\":\"en-US\"},{\"@type\":\"WebPage\",\"@id\":\"https:\\\/\\\/biopmed.eu\\\/bioindustry-park-e-biopmed-alla-seconda-giornata-della-ricerca-in-sanita\\\/\",\"url\":\"https:\\\/\\\/biopmed.eu\\\/bioindustry-park-e-biopmed-alla-seconda-giornata-della-ricerca-in-sanita\\\/\",\"name\":\"Bioindustry Park e bioPmed alla Seconda Giornata della Ricerca in Sanit\u00e0 - bioPmed\",\"isPartOf\":{\"@id\":\"https:\\\/\\\/biopmed.eu\\\/en\\\/#website\"},\"primaryImageOfPage\":{\"@id\":\"https:\\\/\\\/biopmed.eu\\\/bioindustry-park-e-biopmed-alla-seconda-giornata-della-ricerca-in-sanita\\\/#primaryimage\"},\"image\":{\"@id\":\"https:\\\/\\\/biopmed.eu\\\/bioindustry-park-e-biopmed-alla-seconda-giornata-della-ricerca-in-sanita\\\/#primaryimage\"},\"thumbnailUrl\":\"https:\\\/\\\/biopmed.eu\\\/wp-content\\\/uploads\\\/2023\\\/12\\\/Locandina_21NOVEMBRE_DEF.jpg\",\"datePublished\":\"2023-12-06T14:28:40+00:00\",\"dateModified\":\"2026-04-28T07:49:42+00:00\",\"author\":{\"@id\":\"https:\\\/\\\/biopmed.eu\\\/en\\\/#\\\/schema\\\/person\\\/cbe3197b8d8d2ed4e8a1b798451eac88\"},\"breadcrumb\":{\"@id\":\"https:\\\/\\\/biopmed.eu\\\/bioindustry-park-e-biopmed-alla-seconda-giornata-della-ricerca-in-sanita\\\/#breadcrumb\"},\"inLanguage\":\"en-US\",\"potentialAction\":[{\"@type\":\"ReadAction\",\"target\":[\"https:\\\/\\\/biopmed.eu\\\/bioindustry-park-e-biopmed-alla-seconda-giornata-della-ricerca-in-sanita\\\/\"]}]},{\"@type\":\"ImageObject\",\"inLanguage\":\"en-US\",\"@id\":\"https:\\\/\\\/biopmed.eu\\\/bioindustry-park-e-biopmed-alla-seconda-giornata-della-ricerca-in-sanita\\\/#primaryimage\",\"url\":\"https:\\\/\\\/biopmed.eu\\\/wp-content\\\/uploads\\\/2023\\\/12\\\/Locandina_21NOVEMBRE_DEF.jpg\",\"contentUrl\":\"https:\\\/\\\/biopmed.eu\\\/wp-content\\\/uploads\\\/2023\\\/12\\\/Locandina_21NOVEMBRE_DEF.jpg\",\"width\":1224,\"height\":708},{\"@type\":\"BreadcrumbList\",\"@id\":\"https:\\\/\\\/biopmed.eu\\\/bioindustry-park-e-biopmed-alla-seconda-giornata-della-ricerca-in-sanita\\\/#breadcrumb\",\"itemListElement\":[{\"@type\":\"ListItem\",\"position\":1,\"name\":\"Home\",\"item\":\"https:\\\/\\\/biopmed.eu\\\/en\\\/\"},{\"@type\":\"ListItem\",\"position\":2,\"name\":\"Bioindustry Park e bioPmed alla Seconda Giornata della Ricerca in Sanit\u00e0\"}]},{\"@type\":\"WebSite\",\"@id\":\"https:\\\/\\\/biopmed.eu\\\/en\\\/#website\",\"url\":\"https:\\\/\\\/biopmed.eu\\\/en\\\/\",\"name\":\"bioPmed\",\"description\":\"Piemonte Innovation Cluster\",\"potentialAction\":[{\"@type\":\"SearchAction\",\"target\":{\"@type\":\"EntryPoint\",\"urlTemplate\":\"https:\\\/\\\/biopmed.eu\\\/en\\\/?s={search_term_string}\"},\"query-input\":{\"@type\":\"PropertyValueSpecification\",\"valueRequired\":true,\"valueName\":\"search_term_string\"}}],\"inLanguage\":\"en-US\"},{\"@type\":\"Person\",\"@id\":\"https:\\\/\\\/biopmed.eu\\\/en\\\/#\\\/schema\\\/person\\\/cbe3197b8d8d2ed4e8a1b798451eac88\",\"name\":\"bioPmed\",\"image\":{\"@type\":\"ImageObject\",\"inLanguage\":\"en-US\",\"@id\":\"https:\\\/\\\/secure.gravatar.com\\\/avatar\\\/d8f2333a318acc02c0da27da0be05b06ae268e8cd1e10041de92795311db93c0?s=96&d=mm&r=g\",\"url\":\"https:\\\/\\\/secure.gravatar.com\\\/avatar\\\/d8f2333a318acc02c0da27da0be05b06ae268e8cd1e10041de92795311db93c0?s=96&d=mm&r=g\",\"contentUrl\":\"https:\\\/\\\/secure.gravatar.com\\\/avatar\\\/d8f2333a318acc02c0da27da0be05b06ae268e8cd1e10041de92795311db93c0?s=96&d=mm&r=g\",\"caption\":\"bioPmed\"},\"sameAs\":[\"https:\\\/\\\/biopmed.eu\"],\"url\":\"https:\\\/\\\/biopmed.eu\\\/en\\\/author\\\/bpmadmin\\\/\"}]}<\/script>\n<!-- \/ Yoast SEO plugin. -->","yoast_head_json":{"title":"Bioindustry Park e bioPmed alla Seconda Giornata della Ricerca in Sanit\u00e0 - bioPmed","robots":{"index":"index","follow":"follow","max-snippet":"max-snippet:-1","max-image-preview":"max-image-preview:large","max-video-preview":"max-video-preview:-1"},"canonical":"https:\/\/biopmed.eu\/bioindustry-park-e-biopmed-alla-seconda-giornata-della-ricerca-in-sanita\/","og_locale":"en_US","og_type":"article","og_title":"Bioindustry Park e bioPmed alla Seconda Giornata della Ricerca in Sanit\u00e0 - bioPmed","og_description":"Bioindustry Park Silvano Fumero in qualit\u00e0 di ente gestore di bioPmed, Polo di Innovazione delle Scienze della Vita \u00e8 stato invitato a partecipare alla Seconda Giornata della Ricerca in Sanit\u00e0, &hellip; Continue reading Bioindustry Park e bioPmed alla Seconda Giornata della Ricerca in Sanit\u00e0","og_url":"https:\/\/biopmed.eu\/bioindustry-park-e-biopmed-alla-seconda-giornata-della-ricerca-in-sanita\/","og_site_name":"bioPmed","article_published_time":"2023-12-06T14:28:40+00:00","article_modified_time":"2026-04-28T07:49:42+00:00","og_image":[{"width":1224,"height":708,"url":"https:\/\/biopmed.eu\/wp-content\/uploads\/2023\/12\/Locandina_21NOVEMBRE_DEF.jpg","type":"image\/jpeg"}],"author":"bioPmed","twitter_card":"summary_large_image","twitter_misc":{"Written by":"bioPmed","Est. reading time":"2 minutes"},"schema":{"@context":"https:\/\/schema.org","@graph":[{"@type":"Article","@id":"https:\/\/biopmed.eu\/bioindustry-park-e-biopmed-alla-seconda-giornata-della-ricerca-in-sanita\/#article","isPartOf":{"@id":"https:\/\/biopmed.eu\/bioindustry-park-e-biopmed-alla-seconda-giornata-della-ricerca-in-sanita\/"},"author":{"name":"bioPmed","@id":"https:\/\/biopmed.eu\/en\/#\/schema\/person\/cbe3197b8d8d2ed4e8a1b798451eac88"},"headline":"Bioindustry Park e bioPmed alla Seconda Giornata della Ricerca in Sanit\u00e0","datePublished":"2023-12-06T14:28:40+00:00","dateModified":"2026-04-28T07:49:42+00:00","mainEntityOfPage":{"@id":"https:\/\/biopmed.eu\/bioindustry-park-e-biopmed-alla-seconda-giornata-della-ricerca-in-sanita\/"},"wordCount":393,"image":{"@id":"https:\/\/biopmed.eu\/bioindustry-park-e-biopmed-alla-seconda-giornata-della-ricerca-in-sanita\/#primaryimage"},"thumbnailUrl":"https:\/\/biopmed.eu\/wp-content\/uploads\/2023\/12\/Locandina_21NOVEMBRE_DEF.jpg","articleSection":["News"],"inLanguage":"en-US"},{"@type":"WebPage","@id":"https:\/\/biopmed.eu\/bioindustry-park-e-biopmed-alla-seconda-giornata-della-ricerca-in-sanita\/","url":"https:\/\/biopmed.eu\/bioindustry-park-e-biopmed-alla-seconda-giornata-della-ricerca-in-sanita\/","name":"Bioindustry Park e bioPmed alla Seconda Giornata della Ricerca in Sanit\u00e0 - bioPmed","isPartOf":{"@id":"https:\/\/biopmed.eu\/en\/#website"},"primaryImageOfPage":{"@id":"https:\/\/biopmed.eu\/bioindustry-park-e-biopmed-alla-seconda-giornata-della-ricerca-in-sanita\/#primaryimage"},"image":{"@id":"https:\/\/biopmed.eu\/bioindustry-park-e-biopmed-alla-seconda-giornata-della-ricerca-in-sanita\/#primaryimage"},"thumbnailUrl":"https:\/\/biopmed.eu\/wp-content\/uploads\/2023\/12\/Locandina_21NOVEMBRE_DEF.jpg","datePublished":"2023-12-06T14:28:40+00:00","dateModified":"2026-04-28T07:49:42+00:00","author":{"@id":"https:\/\/biopmed.eu\/en\/#\/schema\/person\/cbe3197b8d8d2ed4e8a1b798451eac88"},"breadcrumb":{"@id":"https:\/\/biopmed.eu\/bioindustry-park-e-biopmed-alla-seconda-giornata-della-ricerca-in-sanita\/#breadcrumb"},"inLanguage":"en-US","potentialAction":[{"@type":"ReadAction","target":["https:\/\/biopmed.eu\/bioindustry-park-e-biopmed-alla-seconda-giornata-della-ricerca-in-sanita\/"]}]},{"@type":"ImageObject","inLanguage":"en-US","@id":"https:\/\/biopmed.eu\/bioindustry-park-e-biopmed-alla-seconda-giornata-della-ricerca-in-sanita\/#primaryimage","url":"https:\/\/biopmed.eu\/wp-content\/uploads\/2023\/12\/Locandina_21NOVEMBRE_DEF.jpg","contentUrl":"https:\/\/biopmed.eu\/wp-content\/uploads\/2023\/12\/Locandina_21NOVEMBRE_DEF.jpg","width":1224,"height":708},{"@type":"BreadcrumbList","@id":"https:\/\/biopmed.eu\/bioindustry-park-e-biopmed-alla-seconda-giornata-della-ricerca-in-sanita\/#breadcrumb","itemListElement":[{"@type":"ListItem","position":1,"name":"Home","item":"https:\/\/biopmed.eu\/en\/"},{"@type":"ListItem","position":2,"name":"Bioindustry Park e bioPmed alla Seconda Giornata della Ricerca in Sanit\u00e0"}]},{"@type":"WebSite","@id":"https:\/\/biopmed.eu\/en\/#website","url":"https:\/\/biopmed.eu\/en\/","name":"bioPmed","description":"Piemonte Innovation Cluster","potentialAction":[{"@type":"SearchAction","target":{"@type":"EntryPoint","urlTemplate":"https:\/\/biopmed.eu\/en\/?s={search_term_string}"},"query-input":{"@type":"PropertyValueSpecification","valueRequired":true,"valueName":"search_term_string"}}],"inLanguage":"en-US"},{"@type":"Person","@id":"https:\/\/biopmed.eu\/en\/#\/schema\/person\/cbe3197b8d8d2ed4e8a1b798451eac88","name":"bioPmed","image":{"@type":"ImageObject","inLanguage":"en-US","@id":"https:\/\/secure.gravatar.com\/avatar\/d8f2333a318acc02c0da27da0be05b06ae268e8cd1e10041de92795311db93c0?s=96&d=mm&r=g","url":"https:\/\/secure.gravatar.com\/avatar\/d8f2333a318acc02c0da27da0be05b06ae268e8cd1e10041de92795311db93c0?s=96&d=mm&r=g","contentUrl":"https:\/\/secure.gravatar.com\/avatar\/d8f2333a318acc02c0da27da0be05b06ae268e8cd1e10041de92795311db93c0?s=96&d=mm&r=g","caption":"bioPmed"},"sameAs":["https:\/\/biopmed.eu"],"url":"https:\/\/biopmed.eu\/en\/author\/bpmadmin\/"}]}},"_links":{"self":[{"href":"https:\/\/biopmed.eu\/en\/wp-json\/wp\/v2\/posts\/11124","targetHints":{"allow":["GET"]}}],"collection":[{"href":"https:\/\/biopmed.eu\/en\/wp-json\/wp\/v2\/posts"}],"about":[{"href":"https:\/\/biopmed.eu\/en\/wp-json\/wp\/v2\/types\/post"}],"author":[{"embeddable":true,"href":"https:\/\/biopmed.eu\/en\/wp-json\/wp\/v2\/users\/1"}],"replies":[{"embeddable":true,"href":"https:\/\/biopmed.eu\/en\/wp-json\/wp\/v2\/comments?post=11124"}],"version-history":[{"count":1,"href":"https:\/\/biopmed.eu\/en\/wp-json\/wp\/v2\/posts\/11124\/revisions"}],"predecessor-version":[{"id":11127,"href":"https:\/\/biopmed.eu\/en\/wp-json\/wp\/v2\/posts\/11124\/revisions\/11127"}],"wp:featuredmedia":[{"embeddable":true,"href":"https:\/\/biopmed.eu\/en\/wp-json\/wp\/v2\/media\/11125"}],"wp:attachment":[{"href":"https:\/\/biopmed.eu\/en\/wp-json\/wp\/v2\/media?parent=11124"}],"wp:term":[{"taxonomy":"category","embeddable":true,"href":"https:\/\/biopmed.eu\/en\/wp-json\/wp\/v2\/categories?post=11124"},{"taxonomy":"post_tag","embeddable":true,"href":"https:\/\/biopmed.eu\/en\/wp-json\/wp\/v2\/tags?post=11124"}],"curies":[{"name":"wp","href":"https:\/\/api.w.org\/{rel}","templated":true}]}}